{"id":15,"date":"2012-07-08T23:48:20","date_gmt":"2012-07-08T23:48:20","guid":{"rendered":"http:\/\/centrodeyogadeleon.wordpress.com\/?p=15"},"modified":"2012-07-08T23:48:20","modified_gmt":"2012-07-08T23:48:20","slug":"yoga-iyengar","status":"publish","type":"post","link":"https:\/\/yogaleonburgonuevo.com\/index.php\/2012\/07\/08\/yoga-iyengar\/","title":{"rendered":"Por qu\u00e9 practicar Yoga"},"content":{"rendered":"<h2 style=\"text-align:center;\"><span style=\"color:#800080;\">CELEBRAMOS 25 ANIVERSARIO<\/span><\/h2>\n<p><img fetchpriority=\"high\" decoding=\"async\" class=\"  wp-image-910 aligncenter\" src=\"https:\/\/centrodeyogadeleon.files.wordpress.com\/2012\/07\/comienzo-curso.jpg\" alt=\"comienzo curso\" width=\"361\" height=\"510\" \/><\/p>\n<p>La pr\u00e1ctica de yoga aporta grandes beneficios y es un importante aliado de nuestro bienestar general.<\/p>\n<p>Nos hace m\u00e1s fuertes y flexibles, nos serena y nos equilibra. Cuerpo y mente a la vez-<\/p>\n<p>Nuestra inspiraci\u00f3n es el maestro BKS IYengar pero acedemos despacio a las posturas, con preliminares, acentuando la hidrataci\u00f3n de todas las articulaciones antes de abordar la pr\u00e1ctica de asana.<\/p>\n<p>Os animamos a escuchar hacia el interior para saber lo que pasa desde dentro, y no tratar de hacer o copiar posturas inaccesibles que creemos llenas de glamour, imitando a otra persona, o una imagen de un libro<\/p>\n<p>Cuidamos personalmente del alumno, respetando su situaci\u00f3n y morfolog\u00eda.<\/p>\n<p>Las profesoras del Centro de Yoga de Le\u00f3n Burgo Nuevo est\u00e1n en constante formaci\u00f3n desde hace muchos a\u00f1os, bebiendo de las fuentes de grandes maestros.<\/p>\n<p>Haz algo por ti, practica yoga y deja que un profesional certificado te ayude en tu evoluci\u00f3n.<\/p>\n<p>\u00bf<strong>En <img decoding=\"async\" class=\"wp-image-20 alignleft\" title=\"logotipo Yoga Iyengar\" src=\"http:\/\/centrodeyogadeleon.files.wordpress.com\/2012\/07\/logotipo-yoga-iyengar1.jpg\" alt=\"\" width=\"148\" height=\"99\" srcset=\"https:\/\/yogaleonburgonuevo.com\/wp-content\/uploads\/2012\/07\/logotipo-yoga-iyengar1.jpg 1871w, https:\/\/yogaleonburgonuevo.com\/wp-content\/uploads\/2012\/07\/logotipo-yoga-iyengar1-300x200.jpg 300w, https:\/\/yogaleonburgonuevo.com\/wp-content\/uploads\/2012\/07\/logotipo-yoga-iyengar1-768x511.jpg 768w, https:\/\/yogaleonburgonuevo.com\/wp-content\/uploads\/2012\/07\/logotipo-yoga-iyengar1-1024x682.jpg 1024w, https:\/\/yogaleonburgonuevo.com\/wp-content\/uploads\/2012\/07\/logotipo-yoga-iyengar1-1568x1044.jpg 1568w\" sizes=\"(max-width: 148px) 100vw, 148px\" \/>qu\u00e9 consiste el Yoga<\/strong>?<\/p>\n<p style=\"text-align:left;\">En la realizaci\u00f3n de una serie de posturas (<strong>\u00e1sana<\/strong>) y ejercicios respiratorios (<strong>pranayama<\/strong>),\u00a0 que act\u00faan tanto sobre el cuerpo como sobre la mente, desarrollando en el cu<img decoding=\"async\" class=\"alignnone wp-image-625 alignright\" src=\"https:\/\/centrodeyogadeleon.files.wordpress.com\/2012\/07\/arbol-2.jpg\" alt=\"Silhouettes in yoga poses on the tree\" width=\"340\" height=\"340\" \/>erpo la fortaleza, la elasticidad, la capacidad de movimiento, el equilibrio y la salud, y en la mente la voluntad, la claridad, la ecuanimidad, la atenci\u00f3n, la concentraci\u00f3n y la paz interior,<strong> transformando en consecuencia la ansiedad y el estr\u00e9s tan habitual en la vida de hoy, por un estado de bienestar general, confianza y salud.<\/strong><\/p>\n<p><strong>Sobre Yoga Iyengar<\/strong><\/p>\n<p>Seg\u00fan el mismo Prashant Iyengar, hijo del Maestro, \u201cel yoga desarrollado por B.K.S. Iyengar, traza la espiritualizaci\u00f3n de las \u00e1sanas, con la caracter\u00edstica fundamental de <strong>hacerse uno mismo objeto de estudio<\/strong>, en los diferentes planos de nuestro ser: el cuerpo, la mente, la inteligencia, los sentidos, la atenci\u00f3n, la conciencia, las emociones. El proceso de autoan\u00e1lisis, de autoinvestigaci\u00f3n es el sello de nuestro sistema.<\/p>\n<p>Lo que B.K.S. Iyengar ha hecho es dar un car\u00e1cter \u00abcient\u00edfico\u00bb a las \u00e1sanas, a los aspectos pr\u00e1cticos del yoga. Las \u00e1sanas se han hecho intr\u00ednsecamente y\u00f3guicas, ha a\u00f1adido an\u00e1lisis y reflexi\u00f3n en sus pr\u00e1cticas.\u201d<a href=\"http:\/\/centrodeyogadeleon.files.wordpress.com\/2012\/07\/74725_2026071789629_1779081331_991121_640903487_n.jpg\"><img loading=\"lazy\" decoding=\"async\" class=\"alignleft size-medium wp-image-211\" title=\"74725_2026071789629_1779081331_991121_640903487_n\" src=\"http:\/\/centrodeyogadeleon.files.wordpress.com\/2012\/07\/74725_2026071789629_1779081331_991121_640903487_n.jpg?w=300\" alt=\"\" width=\"300\" height=\"247\" \/><\/a><\/p>\n<p><strong>La alineaci\u00f3n correcta <\/strong>de articulaciones y estructuras \u00f3seas es un elemento fundamental para el correcto funcionamiento de todos nuestros sistemas.<\/p>\n<p>Con ello el movimiento y la relaci\u00f3n de unos huesos respecto a otros se produce con el m\u00ednimo de rozamiento de articular y con una mayor eficacia muscular, previniendo lesiones y enfermedades degenerativas. A la vez que se crea el <strong>espacio interior<\/strong> necesario para un mejor funcionamiento de los \u00f3rganos internos, aumenta el riego sangu\u00edneo en extensi\u00f3n y en eficacia en la absorci\u00f3n de ox\u00edgeno a nivel celular, mejorando a su vez la actividad del sistema linf\u00e1tico, lo que genera un<strong> mayor bienestar y un cuerpo m\u00e1s sano y equilibrado.<\/strong><\/p>\n<p>Para alcanzar la alineaci\u00f3n corporal correcta es necesario <strong>precisi\u00f3n en los detalles t\u00e9cnicos<\/strong>, para una colocaci\u00f3n adecuada de cada parte del cuerpo, lo que exige un aumento del <strong>nivel de atenci\u00f3n y concentraci\u00f3n<\/strong> y una comunicaci\u00f3n sensitiva muy activa e intensa con cada parte del cuerpo implicada en las acciones requeridas.<\/p>\n<p>Ello requiere a su vez un <strong>tiempo de permanencia<\/strong> m\u00ednimo en cada postura para que pueda lograrse la precisi\u00f3n t\u00e9cnica necesaria.<\/p>\n<p>Como consecuencia de lo anterior la<strong> pr\u00e1ctica<\/strong> se torna<strong> intensa<\/strong>, no tanto en el sentido del esfuerzo corporal, sino en el de la atenci\u00f3n y presencia mental que requiere, de comunicaci\u00f3n profunda con nuestro interior, alcanz\u00e1ndose un estado, como expresa B.K.S. Iyengar, de aut\u00e9ntica \u201cmeditaci\u00f3n en la acci\u00f3n\u201d, despertando \u201cla inteligencia de las c\u00e9lulas\u201d en el persistente di\u00e1logo que establecemos con los m\u00fasculos, huesos, articulaciones, \u00f3rganos, tejidos, fibras y c\u00e9lulas durante la pr\u00e1ctica de YOGA IYENGAR\u00ae.<img loading=\"lazy\" decoding=\"async\" class=\"  wp-image-803 alignright\" src=\"https:\/\/centrodeyogadeleon.files.wordpress.com\/2012\/07\/img_20180911_104619_hdr.jpg\" alt=\"IMG_20180911_104619_HDR\" width=\"408\" height=\"306\" \/><\/p>\n<p>Por todo ello, a trav\u00e9s de una <strong>pr\u00e1ctica regular y constante<\/strong> el cuerpo se torna vibrante y din\u00e1mico, la mente serena y calmada, convirti\u00e9ndose, la pr\u00e1ctica en s\u00ed, en un proceso de estudio, de descubrimiento y exploraci\u00f3n de uno mismo, no s\u00f3lo en el \u00e1mbito\u00a0corporal, sino en el emocional,<span style=\"line-height:1.7;\">m<\/span><span style=\"line-height:1.7;\">ental y espiritual, lo que confiere a la pr\u00e1ctica su aut\u00e9ntica dimensi\u00f3n espiritual.<\/span><\/p>\n<p>Las clases de YOGA IYENGAR\u00ae contemplan cada uno de los ocho estadios descritos por Pata\u00f1jali, poniendo el \u00e9nfasis en la pr\u00e1ctica regular de dos de ellos: asana (posturas) y pranayama (t\u00e9cnicas de respiraci\u00f3n).<img loading=\"lazy\" decoding=\"async\" class=\"  wp-image-804 alignleft\" src=\"https:\/\/centrodeyogadeleon.files.wordpress.com\/2012\/07\/img_20180911_104540_hdr.jpg\" alt=\"IMG_20180911_104540_HDR\" width=\"312\" height=\"234\" \/><\/p>\n<p>&nbsp;<\/p>\n<p><strong><em>Asana (posturas):<\/em><\/strong> cuyos efectos saludables se extienden sobre los sistemas muscular, digestivo, circulatorio, glandular, nervioso, as\u00ed como sobre otros sistemas del cuerpo.<\/p>\n<p><em><strong>Pranayama (t\u00e9cnicas de respiraci\u00f3n):<\/strong><\/em> Observaci\u00f3n consciente de las diferentes fases respiratorias, actuando voluntariamente sobre ellas. Siempre muy despacio, escuchando y dando tiempo a las sensaciones.<img loading=\"lazy\" decoding=\"async\" class=\"  wp-image-805 alignright\" src=\"https:\/\/centrodeyogadeleon.files.wordpress.com\/2012\/07\/1.jpg\" alt=\"1\" width=\"266\" height=\"203\" \/><\/p>\n<p><strong>Soportes<\/strong><\/p>\n<p>Un elemento diferenciador destacable es el uso de gran cantidad de <strong>soportes<\/strong>: mantas, cinturones, sillas, tacos de madera, almohadones, y un largo etc\u00e9tera, dise\u00f1ados por el maestro Iyengar (Guruyi) para que personas con problemas, dificultades o discapacidades puedan realizar la pr\u00e1ctica correctamente y recibir el beneficio correspondiente.<\/p>\n<p>A s\u00ed mismo el uso de <strong>soportes<\/strong> permite, en muchos casos, aumentar el tiempo de permanencia en las posturas. Lo que favorece que los resultados sean m\u00e1s profundos y duraderos.<\/p>\n<p>Algunos de los soportes que se\u00a0usan:<a href=\"http:\/\/centrodeyogadeleon.files.wordpress.com\/2012\/07\/mg_6959.jpg\"><img loading=\"lazy\" decoding=\"async\" class=\"alignright size-medium wp-image-210\" title=\"_MG_6959\" src=\"http:\/\/centrodeyogadeleon.files.wordpress.com\/2012\/07\/mg_6959.jpg?w=200\" alt=\"\" width=\"200\" height=\"300\" \/><\/a><\/p>\n<p><a href=\"http:\/\/centrodeyogadeleon.files.wordpress.com\/2012\/07\/mg_6944-1.jpg\"><img loading=\"lazy\" decoding=\"async\" class=\"size-medium wp-image-207 alignleft\" title=\"_MG_6944-1\" src=\"http:\/\/centrodeyogadeleon.files.wordpress.com\/2012\/07\/mg_6944-1.jpg?w=300\" alt=\"\" width=\"300\" height=\"200\" \/><\/a><a href=\"http:\/\/centrodeyogadeleon.files.wordpress.com\/2012\/07\/mg_6932.jpg\"><img loading=\"lazy\" decoding=\"async\" class=\"aligncenter size-medium wp-image-208\" title=\"_MG_6932\" src=\"http:\/\/centrodeyogadeleon.files.wordpress.com\/2012\/07\/mg_6932.jpg?w=300\" alt=\"\" width=\"300\" height=\"200\" \/><\/a><\/p>\n<p>&nbsp;<\/p>\n<p><img loading=\"lazy\" decoding=\"async\" class=\"alignnone  wp-image-703 aligncenter\" src=\"https:\/\/centrodeyogadeleon.files.wordpress.com\/2012\/08\/logo.jpg\" alt=\"logo\" width=\"110\" height=\"95\" \/><\/p>\n","protected":false},"excerpt":{"rendered":"<p>CELEBRAMOS 25 ANIVERSARIO La pr\u00e1ctica de yoga aporta grandes beneficios y es un importante aliado de nuestro bienestar general. Nos hace m\u00e1s fuertes y flexibles, nos serena y nos equilibra. Cuerpo y mente a la vez- Nuestra inspiraci\u00f3n es el maestro BKS IYengar pero acedemos despacio a las posturas, con preliminares, acentuando la hidrataci\u00f3n de [&hellip;]<\/p>\n","protected":false},"author":2,"featured_media":155,"comment_status":"closed","ping_status":"open","sticky":false,"template":"","format":"standard","meta":{"footnotes":""},"categories":[1],"tags":[],"class_list":["post-15","post","type-post","status-publish","format-standard","has-post-thumbnail","hentry","category-uncategorized"],"_links":{"self":[{"href":"https:\/\/yogaleonburgonuevo.com\/index.php\/wp-json\/wp\/v2\/posts\/15","targetHints":{"allow":["GET"]}}],"collection":[{"href":"https:\/\/yogaleonburgonuevo.com\/index.php\/wp-json\/wp\/v2\/posts"}],"about":[{"href":"https:\/\/yogaleonburgonuevo.com\/index.php\/wp-json\/wp\/v2\/types\/post"}],"author":[{"embeddable":true,"href":"https:\/\/yogaleonburgonuevo.com\/index.php\/wp-json\/wp\/v2\/users\/2"}],"replies":[{"embeddable":true,"href":"https:\/\/yogaleonburgonuevo.com\/index.php\/wp-json\/wp\/v2\/comments?post=15"}],"version-history":[{"count":0,"href":"https:\/\/yogaleonburgonuevo.com\/index.php\/wp-json\/wp\/v2\/posts\/15\/revisions"}],"wp:featuredmedia":[{"embeddable":true,"href":"https:\/\/yogaleonburgonuevo.com\/index.php\/wp-json\/wp\/v2\/media\/155"}],"wp:attachment":[{"href":"https:\/\/yogaleonburgonuevo.com\/index.php\/wp-json\/wp\/v2\/media?parent=15"}],"wp:term":[{"taxonomy":"category","embeddable":true,"href":"https:\/\/yogaleonburgonuevo.com\/index.php\/wp-json\/wp\/v2\/categories?post=15"},{"taxonomy":"post_tag","embeddable":true,"href":"https:\/\/yogaleonburgonuevo.com\/index.php\/wp-json\/wp\/v2\/tags?post=15"}],"curies":[{"name":"wp","href":"https:\/\/api.w.org\/{rel}","templated":true}]}}